{"id":24026,"date":"2018-08-22T14:26:23","date_gmt":"2018-08-22T13:26:23","guid":{"rendered":"https:\/\/www.gsma.com\/about-us\/regions\/latin-america-and-the-caribbean\/?p=24026"},"modified":"2018-09-24T15:51:59","modified_gmt":"2018-09-24T14:51:59","slug":"latin-american-media-convergent-services-summit","status":"publish","type":"post","link":"https:\/\/www.gsma.com\/about-us\/regions\/latin-america-and-the-caribbean\/es\/latin-american-media-convergent-services-summit\/","title":{"rendered":"Una oportunidad para anticiparse al futuro convergente de la regi\u00f3n"},"content":{"rendered":"<p><span style=\"color: #11a0db; font-size: medium;\"><strong>Cu\u00e1ndo:<\/strong> <span style=\"color: #231e5d; font-size: medium;\"><strong>Jueves, 13 de septiembre de 2018 | 1:00 &#8211; 4:30<\/strong><br \/>\n<span style=\"color: #11a0db; font-size: medium;\"><strong>D\u00f3nde:<\/strong> <span style=\"color: #231e5d; font-size: medium;\"><strong>Centro de Convenciones de Los \u00c1ngeles | Concourse Hall, Theater B<\/strong><\/span><\/span><\/span><\/span><\/p>\n<h3 style=\"color: #11a0db; font-size: medium;\">Latin American Media &#038; Convergent Services Summit<\/h3>\n<p>La tendencia del mercado de las telecomunicaciones hacia la consolidaci\u00f3n sacude al sector de los servicios m\u00f3viles, pero transforma tambi\u00e9n las formas en las que se producen, distribuyen y consumen contenidos. En el <strong><a href=\"https:\/\/www.mwcamericas.com\/conference-programs\/agenda\/latin-american-media-convergent-services-summit\/\">Latin American Media &#038; Convergent Services Summit<\/a><\/strong>, exploraremos las posibilidades de innovaci\u00f3n, las oportunidades de negocio y los desaf\u00edos regulatorios abiertos por este nuevo escenario en Latinoam\u00e9rica, as\u00ed como los obst\u00e1culos que los operadores tienen que superar para hacer del cu\u00e1druple play una realidad.<\/p>\n<p>L\u00edderes del ecosistema m\u00f3vil y la industria del entretenimiento de la talla de Millicom, Viacom, Amazon, Raze y Flow, entre otros, abordar\u00e1n la vibrante intersecci\u00f3n entre ambas industrias. Los asistentes tendr\u00e1n la chance de intercambiar experiencias, aprendizajes e insights con ejecutivos de las telecomunicaciones, responsables de plataformas de contenidos y referentes del universo startup.<\/p>\n<p>Conozca los programas y oradores de esta cita imperdible para los latinoamericanos en <strong><a href=\"https:\/\/www.mwcamericas.com\/conference-programs\/agenda\/latin-american-media-convergent-services-summit\/\">#MWCA18<\/a><\/strong>.<\/p>\n<h3 style=\"color: #11a0db; font-size: medium;\">Temas destacados<\/h3>\n<ul>\n<li>Abriendo camino hacia los <strong>servicios convergentes<\/strong> \u2013 Punto de vista regulatorio y operativo<\/li>\n<li>\u00bfCu\u00e1l es la base de negocio de <strong>cu\u00e1druple play<\/strong> \u00f3ptima para Am\u00e9rica Latina?<\/li>\n<li><strong>Consumo de deportes por tel\u00e9fono m\u00f3vil<\/strong> \u2013 Replicar historias de \u00e9xito dentro de la regi\u00f3n y m\u00e1s all\u00e1<\/li>\n<li>El ecosistema de la <strong>innovaci\u00f3n en medios m\u00f3viles y Video <\/strong>. \u00bfDe d\u00f3nde vendr\u00e1 la pr\u00f3xima innovaci\u00f3n de vanguardia?<\/li>\n<\/ul>\n<p><a href=\"https:\/\/www.mwcamericas.com\/conference-programs\/agenda\/latin-american-media-convergent-services-summit\/\" style=\"background-color:#11a0db;display:inline-block;cursor:pointer;color:white;font-size:12px;font-weight:bold;padding:7px 30px;text-decoration:none;\">VER AGENDA<\/a><\/p>\n<table rules=\"rows\">\n<tbody>\n<tr align=\"left\">\n<td bgcolor=\"#C1C1C1\" width=\"15%\"><span style=\"color: #ffffff;\"><strong>Moderadores<\/strong><\/span><\/td>\n<\/tr>\n<\/tbody>\n<\/table>\n<p><img loading=\"lazy\" decoding=\"async\" src=\"https:\/\/www.gsma.com\/about-us\/regions\/latin-america-and-the-caribbean\/wp-content\/uploads\/2018\/08\/MWCA18_Moderadores-04-04.png\" alt=\"\" width=\"1354\" height=\"521\" class=\"alignleft size-full wp-image-24171\" srcset=\"https:\/\/www.gsma.com\/about-us\/regions\/latin-america-and-the-caribbean\/wp-content\/uploads\/2018\/08\/MWCA18_Moderadores-04-04.png 1354w, https:\/\/www.gsma.com\/about-us\/regions\/latin-america-and-the-caribbean\/wp-content\/uploads\/2018\/08\/MWCA18_Moderadores-04-04-300x115.png 300w, https:\/\/www.gsma.com\/about-us\/regions\/latin-america-and-the-caribbean\/wp-content\/uploads\/2018\/08\/MWCA18_Moderadores-04-04-768x296.png 768w, https:\/\/www.gsma.com\/about-us\/regions\/latin-america-and-the-caribbean\/wp-content\/uploads\/2018\/08\/MWCA18_Moderadores-04-04-1024x394.png 1024w\" sizes=\"auto, (max-width: 1354px) 100vw, 1354px\" \/><\/p>\n<table rules=\"rows\">\n<tbody>\n<tr align=\"left\">\n<td bgcolor=\"#C1C1C1\" width=\"15%\"><span style=\"color: #ffffff;\"><strong>Speakers<\/strong><\/span><\/td>\n<\/tr>\n<\/tbody>\n<\/table>\n<p><img loading=\"lazy\" decoding=\"async\" src=\"https:\/\/www.gsma.com\/about-us\/regions\/latin-america-and-the-caribbean\/wp-content\/uploads\/2018\/08\/WEB_MWCA18_Speakersmoderators_LatamSummit-01.png\" alt=\"\" width=\"1354\" height=\"521\" class=\"alignleft size-full wp-image-24144\" srcset=\"https:\/\/www.gsma.com\/about-us\/regions\/latin-america-and-the-caribbean\/wp-content\/uploads\/2018\/08\/WEB_MWCA18_Speakersmoderators_LatamSummit-01.png 1354w, https:\/\/www.gsma.com\/about-us\/regions\/latin-america-and-the-caribbean\/wp-content\/uploads\/2018\/08\/WEB_MWCA18_Speakersmoderators_LatamSummit-01-300x115.png 300w, https:\/\/www.gsma.com\/about-us\/regions\/latin-america-and-the-caribbean\/wp-content\/uploads\/2018\/08\/WEB_MWCA18_Speakersmoderators_LatamSummit-01-768x296.png 768w, https:\/\/www.gsma.com\/about-us\/regions\/latin-america-and-the-caribbean\/wp-content\/uploads\/2018\/08\/WEB_MWCA18_Speakersmoderators_LatamSummit-01-1024x394.png 1024w\" sizes=\"auto, (max-width: 1354px) 100vw, 1354px\" \/><br \/>\n<img loading=\"lazy\" decoding=\"async\" src=\"https:\/\/www.gsma.com\/about-us\/regions\/latin-america-and-the-caribbean\/wp-content\/uploads\/2018\/08\/WEB_MWCA18_Speakersmoderators_LatamSummit-02.png\" alt=\"\" width=\"1354\" height=\"521\" class=\"alignleft size-full wp-image-24147\" srcset=\"https:\/\/www.gsma.com\/about-us\/regions\/latin-america-and-the-caribbean\/wp-content\/uploads\/2018\/08\/WEB_MWCA18_Speakersmoderators_LatamSummit-02.png 1354w, https:\/\/www.gsma.com\/about-us\/regions\/latin-america-and-the-caribbean\/wp-content\/uploads\/2018\/08\/WEB_MWCA18_Speakersmoderators_LatamSummit-02-300x115.png 300w, https:\/\/www.gsma.com\/about-us\/regions\/latin-america-and-the-caribbean\/wp-content\/uploads\/2018\/08\/WEB_MWCA18_Speakersmoderators_LatamSummit-02-768x296.png 768w, https:\/\/www.gsma.com\/about-us\/regions\/latin-america-and-the-caribbean\/wp-content\/uploads\/2018\/08\/WEB_MWCA18_Speakersmoderators_LatamSummit-02-1024x394.png 1024w\" sizes=\"auto, (max-width: 1354px) 100vw, 1354px\" \/><img loading=\"lazy\" decoding=\"async\" src=\"https:\/\/www.gsma.com\/about-us\/regions\/latin-america-and-the-caribbean\/wp-content\/uploads\/2018\/08\/WEB_MWCA18_Speakersmoderators_LatamSummit-03.png\" alt=\"\" width=\"1354\" height=\"521\" class=\"alignleft size-full wp-image-24150\" srcset=\"https:\/\/www.gsma.com\/about-us\/regions\/latin-america-and-the-caribbean\/wp-content\/uploads\/2018\/08\/WEB_MWCA18_Speakersmoderators_LatamSummit-03.png 1354w, https:\/\/www.gsma.com\/about-us\/regions\/latin-america-and-the-caribbean\/wp-content\/uploads\/2018\/08\/WEB_MWCA18_Speakersmoderators_LatamSummit-03-300x115.png 300w, https:\/\/www.gsma.com\/about-us\/regions\/latin-america-and-the-caribbean\/wp-content\/uploads\/2018\/08\/WEB_MWCA18_Speakersmoderators_LatamSummit-03-768x296.png 768w, https:\/\/www.gsma.com\/about-us\/regions\/latin-america-and-the-caribbean\/wp-content\/uploads\/2018\/08\/WEB_MWCA18_Speakersmoderators_LatamSummit-03-1024x394.png 1024w\" sizes=\"auto, (max-width: 1354px) 100vw, 1354px\" \/><\/p>\n<p>&nbsp;<\/p>\n<p>Siga las \u00faltimas novedades del Latin American Media &#038; Convergent Services Summit en nuestro <strong>Twitter<\/strong> <a href=\"https:\/\/twitter.com\/GSMALatam\">@GSMALatam<\/a> y en nuestra p\u00e1gina de <strong>Linkedin<\/strong> <a href=\"http:\/\/www.linkedin.com\/showcase\/gsmalatam\">www.linkedin.com\/showcase\/gsmalatam<\/a> <\/p>\n<p>Para <strong>registrarse<\/strong> y conocer todas las actividades del Mobile World Congress Americas, visite <a href=\"http:\/\/www.mwcamericas.com\/\">www.mwcamericas.com\/ <\/a><\/p>\n","protected":false},"excerpt":{"rendered":"<p>Cu\u00e1ndo: Jueves, 13 de septiembre de 2018 | 1:00 &#8211; 4:30 D\u00f3nde: Centro de Convenciones de Los \u00c1ngeles | Concourse Hall, Theater B Latin American Media &#038; Convergent Services Summit La tendencia del mercado de las telecomunicaciones hacia la consolidaci\u00f3n sacude al sector de los servicios m\u00f3viles, pero transforma tambi\u00e9n las formas en las que [&hellip;]<\/p>\n","protected":false},"author":3,"featured_media":24055,"comment_status":"closed","ping_status":"closed","sticky":false,"template":"","format":"standard","meta":{"_oasis_is_in_workflow":0,"_oasis_original":0,"_oasis_task_priority":"","_jetpack_newsletter_access":"","_jetpack_dont_email_post_to_subs":false,"_jetpack_newsletter_tier_id":0,"_jetpack_memberships_contains_paywalled_content":false,"_jetpack_feature_clip_id":0,"_jetpack_memberships_contains_paid_content":false,"footnotes":"","jetpack_publicize_message":"","jetpack_publicize_feature_enabled":true,"jetpack_social_post_already_shared":true,"jetpack_social_options":{"image_generator_settings":{"template":"highway","default_image_id":0,"font":"","enabled":false},"version":2},"jetpack_post_was_ever_published":false},"categories":[1833,35],"tags":[],"algolia_discover_type":[],"class_list":["post-24026","post","type-post","status-publish","format-standard","has-post-thumbnail","hentry","category-past-event-es","category-sin-categorizar"],"yoast_head":"<!-- This site is optimized with the Yoast SEO Premium plugin v24.3 (Yoast SEO v27.9) - https:\/\/yoast.com\/product\/yoast-seo-premium-wordpress\/ -->\n<title>Una oportunidad para anticiparse al futuro convergente de la regi\u00f3n | GSMA Am\u00e9rica Latina y el Caribe<\/title>\n<meta name=\"robots\" content=\"index, follow, max-snippet:-1, max-image-preview:large, max-video-preview:-1\" \/>\n<link rel=\"canonical\" href=\"https:\/\/www.gsma.com\/about-us\/regions\/latin-america-and-the-caribbean\/es\/latin-american-media-convergent-services-summit\/\" \/>\n<meta property=\"og:locale\" content=\"es_ES\" \/>\n<meta property=\"og:type\" content=\"article\" \/>\n<meta property=\"og:title\" content=\"Una oportunidad para anticiparse al futuro convergente de la regi\u00f3n | GSMA Am\u00e9rica Latina y el Caribe\" \/>\n<meta property=\"og:description\" content=\"Cu\u00e1ndo: Jueves, 13 de septiembre de 2018 | 1:00 &#8211; 4:30 D\u00f3nde: Centro de Convenciones de Los \u00c1ngeles | Concourse Hall, Theater B Latin American Media &#038; Convergent Services Summit La tendencia del mercado de las telecomunicaciones hacia la consolidaci\u00f3n sacude al sector de los servicios m\u00f3viles, pero transforma tambi\u00e9n las formas en las que [&hellip;]\" \/>\n<meta property=\"og:url\" content=\"https:\/\/www.gsma.com\/about-us\/regions\/latin-america-and-the-caribbean\/es\/latin-american-media-convergent-services-summit\/\" \/>\n<meta property=\"og:site_name\" content=\"GSMA Am\u00e9rica Latina y el Caribe\" \/>\n<meta property=\"article:published_time\" content=\"2018-08-22T13:26:23+00:00\" \/>\n<meta property=\"article:modified_time\" content=\"2018-09-24T14:51:59+00:00\" \/>\n<meta property=\"og:image\" content=\"https:\/\/www.gsma.com\/about-us\/regions\/latin-america\/wp-content\/uploads\/2018\/08\/MWCA18_BANNER-01.png\" \/>\n\t<meta property=\"og:image:width\" content=\"1354\" \/>\n\t<meta property=\"og:image:height\" content=\"667\" \/>\n\t<meta property=\"og:image:type\" content=\"image\/png\" \/>\n<meta name=\"author\" content=\"tskinner\" \/>\n<meta name=\"twitter:card\" content=\"summary_large_image\" \/>\n<meta name=\"twitter:creator\" content=\"@gsma\" \/>\n<meta name=\"twitter:site\" content=\"@gsma\" \/>\n<meta name=\"twitter:label1\" content=\"Escrito por\" \/>\n\t<meta name=\"twitter:data1\" content=\"tskinner\" \/>\n\t<meta name=\"twitter:label2\" content=\"Tiempo de lectura\" \/>\n\t<meta name=\"twitter:data2\" content=\"2 minutos\" \/>\n<!-- \/ Yoast SEO Premium plugin. -->","yoast_head_json":{"title":"Una oportunidad para anticiparse al futuro convergente de la regi\u00f3n | GSMA Am\u00e9rica Latina y el Caribe","robots":{"index":"index","follow":"follow","max-snippet":"max-snippet:-1","max-image-preview":"max-image-preview:large","max-video-preview":"max-video-preview:-1"},"canonical":"https:\/\/www.gsma.com\/about-us\/regions\/latin-america-and-the-caribbean\/es\/latin-american-media-convergent-services-summit\/","og_locale":"es_ES","og_type":"article","og_title":"Una oportunidad para anticiparse al futuro convergente de la regi\u00f3n | GSMA Am\u00e9rica Latina y el Caribe","og_description":"Cu\u00e1ndo: Jueves, 13 de septiembre de 2018 | 1:00 &#8211; 4:30 D\u00f3nde: Centro de Convenciones de Los \u00c1ngeles | Concourse Hall, Theater B Latin American Media &#038; Convergent Services Summit La tendencia del mercado de las telecomunicaciones hacia la consolidaci\u00f3n sacude al sector de los servicios m\u00f3viles, pero transforma tambi\u00e9n las formas en las que [&hellip;]","og_url":"https:\/\/www.gsma.com\/about-us\/regions\/latin-america-and-the-caribbean\/es\/latin-american-media-convergent-services-summit\/","og_site_name":"GSMA Am\u00e9rica Latina y el Caribe","article_published_time":"2018-08-22T13:26:23+00:00","article_modified_time":"2018-09-24T14:51:59+00:00","og_image":[{"width":1354,"height":667,"url":"https:\/\/www.gsma.com\/about-us\/regions\/latin-america\/wp-content\/uploads\/2018\/08\/MWCA18_BANNER-01.png","type":"image\/png"}],"author":"tskinner","twitter_card":"summary_large_image","twitter_creator":"@gsma","twitter_site":"@gsma","twitter_misc":{"Escrito por":"tskinner","Tiempo de lectura":"2 minutos"},"schema":{"@context":"https:\/\/schema.org","@graph":[{"@type":"Article","@id":"https:\/\/www.gsma.com\/about-us\/regions\/latin-america-and-the-caribbean\/es\/latin-american-media-convergent-services-summit\/#article","isPartOf":{"@id":"https:\/\/www.gsma.com\/about-us\/regions\/latin-america-and-the-caribbean\/es\/latin-american-media-convergent-services-summit\/"},"author":{"name":"tskinner","@id":"https:\/\/www.gsma.com\/about-us\/regions\/latin-america-and-the-caribbean\/es\/#\/schema\/person\/c3fabbd94571037adefc525b0dec1fc3"},"headline":"Una oportunidad para anticiparse al futuro convergente de la regi\u00f3n","datePublished":"2018-08-22T13:26:23+00:00","dateModified":"2018-09-24T14:51:59+00:00","mainEntityOfPage":{"@id":"https:\/\/www.gsma.com\/about-us\/regions\/latin-america-and-the-caribbean\/es\/latin-american-media-convergent-services-summit\/"},"wordCount":315,"publisher":{"@id":"https:\/\/www.gsma.com\/about-us\/regions\/latin-america-and-the-caribbean\/es\/#organization"},"image":{"@id":"https:\/\/www.gsma.com\/about-us\/regions\/latin-america-and-the-caribbean\/es\/latin-american-media-convergent-services-summit\/#primaryimage"},"thumbnailUrl":"https:\/\/www.gsma.com\/about-us\/regions\/latin-america-and-the-caribbean\/wp-content\/uploads\/2018\/08\/MWCA18_BANNER-01.png","articleSection":["Past Event - ES","Sin categorizar"],"inLanguage":"es"},{"@type":"WebPage","@id":"https:\/\/www.gsma.com\/about-us\/regions\/latin-america-and-the-caribbean\/es\/latin-american-media-convergent-services-summit\/","url":"https:\/\/www.gsma.com\/about-us\/regions\/latin-america-and-the-caribbean\/es\/latin-american-media-convergent-services-summit\/","name":"Una oportunidad para anticiparse al futuro convergente de la regi\u00f3n | GSMA Am\u00e9rica Latina y el Caribe","isPartOf":{"@id":"https:\/\/www.gsma.com\/about-us\/regions\/latin-america-and-the-caribbean\/es\/#website"},"primaryImageOfPage":{"@id":"https:\/\/www.gsma.com\/about-us\/regions\/latin-america-and-the-caribbean\/es\/latin-american-media-convergent-services-summit\/#primaryimage"},"image":{"@id":"https:\/\/www.gsma.com\/about-us\/regions\/latin-america-and-the-caribbean\/es\/latin-american-media-convergent-services-summit\/#primaryimage"},"thumbnailUrl":"https:\/\/www.gsma.com\/about-us\/regions\/latin-america-and-the-caribbean\/wp-content\/uploads\/2018\/08\/MWCA18_BANNER-01.png","datePublished":"2018-08-22T13:26:23+00:00","dateModified":"2018-09-24T14:51:59+00:00","inLanguage":"es","potentialAction":[{"@type":"ReadAction","target":["https:\/\/www.gsma.com\/about-us\/regions\/latin-america-and-the-caribbean\/es\/latin-american-media-convergent-services-summit\/"]}]},{"@type":"ImageObject","inLanguage":"es","@id":"https:\/\/www.gsma.com\/about-us\/regions\/latin-america-and-the-caribbean\/es\/latin-american-media-convergent-services-summit\/#primaryimage","url":"https:\/\/www.gsma.com\/about-us\/regions\/latin-america-and-the-caribbean\/wp-content\/uploads\/2018\/08\/MWCA18_BANNER-01.png","contentUrl":"https:\/\/www.gsma.com\/about-us\/regions\/latin-america-and-the-caribbean\/wp-content\/uploads\/2018\/08\/MWCA18_BANNER-01.png","width":1354,"height":667},{"@type":"WebSite","@id":"https:\/\/www.gsma.com\/about-us\/regions\/latin-america-and-the-caribbean\/es\/#website","url":"https:\/\/www.gsma.com\/about-us\/regions\/latin-america-and-the-caribbean\/es\/","name":"GSMA Latin America and the Caribbean","description":"GSMA Am\u00e9rica Latina y el Caribe","publisher":{"@id":"https:\/\/www.gsma.com\/about-us\/regions\/latin-america-and-the-caribbean\/es\/#organization"},"potentialAction":[{"@type":"SearchAction","target":{"@type":"EntryPoint","urlTemplate":"https:\/\/www.gsma.com\/about-us\/regions\/latin-america-and-the-caribbean\/es\/?s={search_term_string}"},"query-input":{"@type":"PropertyValueSpecification","valueRequired":true,"valueName":"search_term_string"}}],"inLanguage":"es"},{"@type":"Organization","@id":"https:\/\/www.gsma.com\/about-us\/regions\/latin-america-and-the-caribbean\/es\/#organization","name":"GSMA","url":"https:\/\/www.gsma.com\/about-us\/regions\/latin-america-and-the-caribbean\/es\/","logo":{"@type":"ImageObject","inLanguage":"es","@id":"https:\/\/www.gsma.com\/about-us\/regions\/latin-america-and-the-caribbean\/es\/#\/schema\/logo\/image\/","url":"https:\/\/www.gsma.com\/about-us\/regions\/latin-america-and-the-caribbean\/wp-content\/uploads\/2024\/09\/GSMA-Logo-Red-RGB_square.jpg","contentUrl":"https:\/\/www.gsma.com\/about-us\/regions\/latin-america-and-the-caribbean\/wp-content\/uploads\/2024\/09\/GSMA-Logo-Red-RGB_square.jpg","width":600,"height":600,"caption":"GSMA"},"image":{"@id":"https:\/\/www.gsma.com\/about-us\/regions\/latin-america-and-the-caribbean\/es\/#\/schema\/logo\/image\/"},"sameAs":["https:\/\/x.com\/gsma"]},{"@type":"Person","@id":"https:\/\/www.gsma.com\/about-us\/regions\/latin-america-and-the-caribbean\/es\/#\/schema\/person\/c3fabbd94571037adefc525b0dec1fc3","name":"tskinner","image":{"@type":"ImageObject","inLanguage":"es","@id":"https:\/\/secure.gravatar.com\/avatar\/599006af04a788c71b0d376c8f0ecade657ce58a9ba538aa56461964313de011?s=96&d=mm&r=g","url":"https:\/\/secure.gravatar.com\/avatar\/599006af04a788c71b0d376c8f0ecade657ce58a9ba538aa56461964313de011?s=96&d=mm&r=g","contentUrl":"https:\/\/secure.gravatar.com\/avatar\/599006af04a788c71b0d376c8f0ecade657ce58a9ba538aa56461964313de011?s=96&d=mm&r=g","caption":"tskinner"}}]}},"jetpack_publicize_connections":[],"featured_image_url":"https:\/\/www.gsma.com\/about-us\/regions\/latin-america-and-the-caribbean\/wp-content\/uploads\/2018\/08\/MWCA18_BANNER-01.png","jetpack_shortlink":"https:\/\/wp.me\/p3mooC-6fw","jetpack_sharing_enabled":true,"jetpack_featured_media_url":"https:\/\/www.gsma.com\/about-us\/regions\/latin-america-and-the-caribbean\/wp-content\/uploads\/2018\/08\/MWCA18_BANNER-01.png","_links":{"self":[{"href":"https:\/\/www.gsma.com\/about-us\/regions\/latin-america-and-the-caribbean\/es\/wp-json\/wp\/v2\/posts\/24026","targetHints":{"allow":["GET"]}}],"collection":[{"href":"https:\/\/www.gsma.com\/about-us\/regions\/latin-america-and-the-caribbean\/es\/wp-json\/wp\/v2\/posts"}],"about":[{"href":"https:\/\/www.gsma.com\/about-us\/regions\/latin-america-and-the-caribbean\/es\/wp-json\/wp\/v2\/types\/post"}],"author":[{"embeddable":true,"href":"https:\/\/www.gsma.com\/about-us\/regions\/latin-america-and-the-caribbean\/es\/wp-json\/wp\/v2\/users\/3"}],"replies":[{"embeddable":true,"href":"https:\/\/www.gsma.com\/about-us\/regions\/latin-america-and-the-caribbean\/es\/wp-json\/wp\/v2\/comments?post=24026"}],"version-history":[{"count":87,"href":"https:\/\/www.gsma.com\/about-us\/regions\/latin-america-and-the-caribbean\/es\/wp-json\/wp\/v2\/posts\/24026\/revisions"}],"predecessor-version":[{"id":24178,"href":"https:\/\/www.gsma.com\/about-us\/regions\/latin-america-and-the-caribbean\/es\/wp-json\/wp\/v2\/posts\/24026\/revisions\/24178"}],"wp:featuredmedia":[{"embeddable":true,"href":"https:\/\/www.gsma.com\/about-us\/regions\/latin-america-and-the-caribbean\/es\/wp-json\/wp\/v2\/media\/24055"}],"wp:attachment":[{"href":"https:\/\/www.gsma.com\/about-us\/regions\/latin-america-and-the-caribbean\/es\/wp-json\/wp\/v2\/media?parent=24026"}],"wp:term":[{"taxonomy":"category","embeddable":true,"href":"https:\/\/www.gsma.com\/about-us\/regions\/latin-america-and-the-caribbean\/es\/wp-json\/wp\/v2\/categories?post=24026"},{"taxonomy":"post_tag","embeddable":true,"href":"https:\/\/www.gsma.com\/about-us\/regions\/latin-america-and-the-caribbean\/es\/wp-json\/wp\/v2\/tags?post=24026"},{"taxonomy":"algolia_discover_type","embeddable":true,"href":"https:\/\/www.gsma.com\/about-us\/regions\/latin-america-and-the-caribbean\/es\/wp-json\/wp\/v2\/algolia_discover_type?post=24026"}],"curies":[{"name":"wp","href":"https:\/\/api.w.org\/{rel}","templated":true}]}}